{"id":354,"date":"2018-07-14T22:43:04","date_gmt":"2018-07-14T20:43:04","guid":{"rendered":"https:\/\/www.ichmagmeinkind.de\/?p=354"},"modified":"2019-10-05T10:50:03","modified_gmt":"2019-10-05T08:50:03","slug":"alleingeburt-teil-1","status":"publish","type":"post","link":"https:\/\/www.ichmagmeinkind.de\/ru\/alleingeburt-teil-1\/","title":{"rendered":"Alleingeburt?!"},"content":{"rendered":"<p style=\"text-align: left;\"><img data-recalc-dims=\"1\" loading=\"lazy\" decoding=\"async\" data-attachment-id=\"367\" data-permalink=\"https:\/\/www.ichmagmeinkind.de\/ru\/alleingeburt-teil-1\/img_1348\/\" data-orig-file=\"https:\/\/i0.wp.com\/www.ichmagmeinkind.de\/wp-content\/uploads\/2018\/07\/IMG_1348.jpg?fit=3024%2C2792&amp;ssl=1\" data-orig-size=\"3024,2792\" data-comments-opened=\"1\" data-image-meta=\"{&quot;aperture&quot;:&quot;1.8&quot;,&quot;credit&quot;:&quot;&quot;,&quot;camera&quot;:&quot;iPhone 7&quot;,&quot;caption&quot;:&quot;&quot;,&quot;created_timestamp&quot;:&quot;1512293211&quot;,&quot;copyright&quot;:&quot;&quot;,&quot;focal_length&quot;:&quot;3.99&quot;,&quot;iso&quot;:&quot;100&quot;,&quot;shutter_speed&quot;:&quot;0.2&quot;,&quot;title&quot;:&quot;&quot;,&quot;orientation&quot;:&quot;0&quot;}\" data-image-title=\"IMG_1348\" data-image-description=\"\" data-image-caption=\"\" data-medium-file=\"https:\/\/i0.wp.com\/www.ichmagmeinkind.de\/wp-content\/uploads\/2018\/07\/IMG_1348.jpg?fit=300%2C277&amp;ssl=1\" data-large-file=\"https:\/\/i0.wp.com\/www.ichmagmeinkind.de\/wp-content\/uploads\/2018\/07\/IMG_1348.jpg?fit=525%2C484&amp;ssl=1\" class=\" wp-image-367 alignleft\" src=\"https:\/\/i0.wp.com\/www.ichmagmeinkind.de\/wp-content\/uploads\/2018\/07\/IMG_1348.jpg?resize=274%2C253&#038;ssl=1\" alt=\"\" width=\"274\" height=\"253\" srcset=\"https:\/\/i0.wp.com\/www.ichmagmeinkind.de\/wp-content\/uploads\/2018\/07\/IMG_1348.jpg?resize=300%2C277&amp;ssl=1 300w, https:\/\/i0.wp.com\/www.ichmagmeinkind.de\/wp-content\/uploads\/2018\/07\/IMG_1348.jpg?resize=768%2C709&amp;ssl=1 768w, https:\/\/i0.wp.com\/www.ichmagmeinkind.de\/wp-content\/uploads\/2018\/07\/IMG_1348.jpg?resize=1024%2C945&amp;ssl=1 1024w, https:\/\/i0.wp.com\/www.ichmagmeinkind.de\/wp-content\/uploads\/2018\/07\/IMG_1348.jpg?w=1575&amp;ssl=1 1575w\" sizes=\"auto, (max-width: 274px) 100vw, 274px\" \/>Nach drei sehr unterschiedlich schlimmen Geburten im Krankenhaus, machte ich mich w\u00e4hrend meiner vierten Schwangerschaft auf die Suche nach einem anderen Weg, mein Kind zu geb\u00e4ren.<\/p>\n<p style=\"text-align: left;\">Nat\u00fcrlich hatte ich schon von Frauen geh\u00f6rt, die eine Hausgeburt erlebt haben und wie sch\u00f6n, dass sein soll. Aber das ich so jemand bin, der das auch kann, lag mir fern zu denken.<\/p>\n<p><!--more--><\/p>\n<p style=\"text-align: left;\">Von Alleingeburt, also tats\u00e4chlich komplett alleine, ohne Hebamme oder sonstige \u00e4rztliche Hilfe zu geb\u00e4ren, hatte ich bis dato noch nie geh\u00f6rt.<\/p>\n<p style=\"text-align: left;\">Also fing ich an im Internet, in B\u00fcchern und bei anderen M\u00fcttern nach L\u00f6sungen zu suchen.<\/p>\n<p style=\"text-align: left;\">Ich bestellte mir B\u00fccher \u00fcber Hausgeburt und durchsuchte das Web nach n\u00fctzlichen Informationen.<\/p>\n<p style=\"text-align: left;\">Dank einem Gespr\u00e4ch mit einer Mama, die acht! von ihren neun Kindern alleine zu Hause geboren hat, bekam ich den Mut, mich auf die Reise \u00fcber das Wasser zu begeben.<\/p>\n<p style=\"text-align: left;\">Als ich mit ihr sprach half sie mir zu sehen, wie sehr mein K\u00f6rper daf\u00fcr gemacht wurde ein Kind auf die Welt zu bringen und dass, wenn die Frau gesund ist, kein Einwirken von au\u00dfen notwendig ist.<\/p>\n<p style=\"text-align: left;\">Denn jedes Einwirken von au\u00dfen auf den Geburtsprozess ist, wie einer Bl\u00fcte, im Fr\u00fchling, beim \u00f6ffnen zu helfen.<\/p>\n<p>&nbsp;<img data-recalc-dims=\"1\" loading=\"lazy\" decoding=\"async\" data-attachment-id=\"372\" data-permalink=\"https:\/\/www.ichmagmeinkind.de\/ru\/alleingeburt-teil-1\/img_2142\/\" data-orig-file=\"https:\/\/i0.wp.com\/www.ichmagmeinkind.de\/wp-content\/uploads\/2018\/07\/IMG_2142.jpg?fit=3024%2C3674&amp;ssl=1\" data-orig-size=\"3024,3674\" data-comments-opened=\"1\" data-image-meta=\"{&quot;aperture&quot;:&quot;1.8&quot;,&quot;credit&quot;:&quot;&quot;,&quot;camera&quot;:&quot;iPhone 7&quot;,&quot;caption&quot;:&quot;&quot;,&quot;created_timestamp&quot;:&quot;1525274940&quot;,&quot;copyright&quot;:&quot;&quot;,&quot;focal_length&quot;:&quot;3.99&quot;,&quot;iso&quot;:&quot;20&quot;,&quot;shutter_speed&quot;:&quot;0.0013368983957219&quot;,&quot;title&quot;:&quot;&quot;,&quot;orientation&quot;:&quot;0&quot;}\" data-image-title=\"IMG_2142\" data-image-description=\"\" data-image-caption=\"\" data-medium-file=\"https:\/\/i0.wp.com\/www.ichmagmeinkind.de\/wp-content\/uploads\/2018\/07\/IMG_2142.jpg?fit=247%2C300&amp;ssl=1\" data-large-file=\"https:\/\/i0.wp.com\/www.ichmagmeinkind.de\/wp-content\/uploads\/2018\/07\/IMG_2142.jpg?fit=525%2C638&amp;ssl=1\" class=\"wp-image-372 alignright\" src=\"https:\/\/i0.wp.com\/www.ichmagmeinkind.de\/wp-content\/uploads\/2018\/07\/IMG_2142.jpg?resize=231%2C281&#038;ssl=1\" alt=\"\" width=\"231\" height=\"281\" srcset=\"https:\/\/i0.wp.com\/www.ichmagmeinkind.de\/wp-content\/uploads\/2018\/07\/IMG_2142.jpg?resize=247%2C300&amp;ssl=1 247w, https:\/\/i0.wp.com\/www.ichmagmeinkind.de\/wp-content\/uploads\/2018\/07\/IMG_2142.jpg?resize=768%2C933&amp;ssl=1 768w, https:\/\/i0.wp.com\/www.ichmagmeinkind.de\/wp-content\/uploads\/2018\/07\/IMG_2142.jpg?resize=843%2C1024&amp;ssl=1 843w, https:\/\/i0.wp.com\/www.ichmagmeinkind.de\/wp-content\/uploads\/2018\/07\/IMG_2142.jpg?w=1050&amp;ssl=1 1050w, https:\/\/i0.wp.com\/www.ichmagmeinkind.de\/wp-content\/uploads\/2018\/07\/IMG_2142.jpg?w=1575&amp;ssl=1 1575w\" sizes=\"auto, (max-width: 231px) 100vw, 231px\" \/><\/p>\n<p style=\"text-align: left;\">Egal wie lange jemand Pflanzenkunde studiert, egal wieviele Doktortitel er vor seinem Namen stehen hat, ob er Experte oder Forscher ist, wenn er der Bl\u00fcte &#8216;helfen&#8217; will sich schneller zu \u00f6ffnen, indem er sie mit seinen H\u00e4nden aufmacht, wird er den nat\u00fcrlichen Prozess dadurch, nicht beschleunigen k\u00f6nnen. Im schlimmsten Fall zerst\u00f6rt er ihre Sch\u00f6nheit oder rei\u00dft Bl\u00e4tter heraus.<\/p>\n<p style=\"text-align: left;\">Daher vergleiche ich Geburt mit dem \u00f6ffnen einer Bl\u00fcte. Wenn das Baby die richtigen Umst\u00e4nde bekommt, wie Zeit, Ruhe und Frieden, dann wird es seinen Weg nach drau\u00dfen ganz alleine finden.<\/p>\n<p style=\"text-align: left;\">Ich als Mutter bin in dem Fall die Unterst\u00fctzerin, die Mutmachende, die Lebensspenderin.<\/p>\n<p style=\"text-align: left;\">W\u00e4hrend der Geburt habe ich immer viel mit meinem Baby gesprochen, es ermutigt, vorgesungen und die Wellen so verartmet, dass es den Weg nach unten ganz allein gefunden hat.<\/p>\n<p style=\"text-align: left;\">Jeder Einfluss von au\u00dfen w\u00e4re eine Unterbrechung des Flusses gewesen. Jede Frage, jedes Herzt\u00f6ne messen, jede Raumver\u00e4nderung, Schichtwechsel, neue Ger\u00fcche, neue Stimmen, Fenster auf &#8211; Fenster zu, Zeitdruck, Angst sich zu blamieren, wie sehe ich aus, was denken die anderen von mir, warum hilft mir keiner etc.<\/p>\n<p style=\"text-align: left;\">All diese Faktoren waren bei meinen Krankenhausgeburten auschlaggebende Punkte, des, wenn man es so nennen will, versagens aber auch der Katalysator f\u00fcr eine Wende.<\/p>\n<p style=\"text-align: left;\">Meine zwei Alleingeburten zu Hause lassen sich nicht anders beschreiben als, &#8216;Ich h\u00e4tte vorher nicht gedacht, wie schnell, sch\u00f6n, fr\u00f6hlich und schmerzfrei, aber auch langweilig eine Geburt sein kann.&#8217;<\/p>\n<p><img data-recalc-dims=\"1\" loading=\"lazy\" decoding=\"async\" data-attachment-id=\"378\" data-permalink=\"https:\/\/www.ichmagmeinkind.de\/ru\/alleingeburt-teil-1\/img_2410\/\" data-orig-file=\"https:\/\/i0.wp.com\/www.ichmagmeinkind.de\/wp-content\/uploads\/2018\/07\/IMG_2410.jpg?fit=3024%2C4032&amp;ssl=1\" data-orig-size=\"3024,4032\" data-comments-opened=\"1\" data-image-meta=\"{&quot;aperture&quot;:&quot;1.8&quot;,&quot;credit&quot;:&quot;&quot;,&quot;camera&quot;:&quot;iPhone 7&quot;,&quot;caption&quot;:&quot;&quot;,&quot;created_timestamp&quot;:&quot;1525696529&quot;,&quot;copyright&quot;:&quot;&quot;,&quot;focal_length&quot;:&quot;3.99&quot;,&quot;iso&quot;:&quot;20&quot;,&quot;shutter_speed&quot;:&quot;0.00042808219178082&quot;,&quot;title&quot;:&quot;&quot;,&quot;orientation&quot;:&quot;0&quot;}\" data-image-title=\"IMG_2410\" data-image-description=\"\" data-image-caption=\"\" data-medium-file=\"https:\/\/i0.wp.com\/www.ichmagmeinkind.de\/wp-content\/uploads\/2018\/07\/IMG_2410.jpg?fit=225%2C300&amp;ssl=1\" data-large-file=\"https:\/\/i0.wp.com\/www.ichmagmeinkind.de\/wp-content\/uploads\/2018\/07\/IMG_2410.jpg?fit=525%2C700&amp;ssl=1\" class=\"size-medium wp-image-378 alignleft\" src=\"https:\/\/i0.wp.com\/www.ichmagmeinkind.de\/wp-content\/uploads\/2018\/07\/IMG_2410.jpg?resize=225%2C300&#038;ssl=1\" alt=\"\" width=\"225\" height=\"300\" srcset=\"https:\/\/i0.wp.com\/www.ichmagmeinkind.de\/wp-content\/uploads\/2018\/07\/IMG_2410.jpg?resize=225%2C300&amp;ssl=1 225w, https:\/\/i0.wp.com\/www.ichmagmeinkind.de\/wp-content\/uploads\/2018\/07\/IMG_2410.jpg?resize=768%2C1024&amp;ssl=1 768w, https:\/\/i0.wp.com\/www.ichmagmeinkind.de\/wp-content\/uploads\/2018\/07\/IMG_2410.jpg?w=1050&amp;ssl=1 1050w, https:\/\/i0.wp.com\/www.ichmagmeinkind.de\/wp-content\/uploads\/2018\/07\/IMG_2410.jpg?w=1575&amp;ssl=1 1575w\" sizes=\"auto, (max-width: 225px) 100vw, 225px\" \/><\/p>\n<p style=\"text-align: left;\">LANGWEILIG? Ja,&nbsp; bei meiner zweiten Alleingeburt lag ich gelangweilt herum, weil ich nichts anderes machen konnte als auf die n\u00e4chste Welle zu warten und sie zu veratmen. Die Abst\u00e4nde waren bis kurz vor der Geburt so lang, dass ich mich tats\u00e4chlich langweilte.<\/p>\n<p style=\"text-align: left;\">Der tats\u00e4chliche Start der Geburt war f\u00fcr mich jeweils , ab dem Platzen der Fruchtblase. Von da an dauerte es beide Male, circa 40 Minuten bis das Baby vollst\u00e4ndig geboren war.<\/p>\n<p style=\"text-align: left;\">Das mich in diesem Momemt niemand au\u00dfer meinem Mann gesehen hat, war absolut Geburtsf\u00f6rdernd. Es gab keinerlei Ablenkung oder Zeitdruck von au\u00dfen.<\/p>\n<p style=\"text-align: left;\">Diese zwei sch\u00f6nen Geburten werden f\u00fcr immer tief verschlossen in meinem Herzen bleiben und mir Kraft geben, wann immer ich sie brauche. Denn was kann eine Frau nicht schaffen, wenn sie vorher schonmal ein Kind allein geboren hat.<\/p>\n<p>Was sind deine Gedanken zum Thema Geburt? Konntest du es als sehr sch\u00f6nes Erlebnis im Herzen behalten, oder war es f\u00fcr dich eher eine traumatische Erfahrung?<\/p>\n<p>Schreibe gern dazu in die Kommentare. Ich freue mich von dir zu h\u00f6ren!<\/p>\n<p style=\"text-align: left;\">Liebe Gr\u00fc\u00dfe und sei gest\u00e4rkt f\u00fcr dein Geburt,<\/p>\n<p style=\"text-align: left;\">Lydia<\/p>\n<p>&nbsp;<\/p>\n<p>&nbsp;<\/p>\n<p>&nbsp;<\/p>\n","protected":false},"excerpt":{"rendered":"<p>Nach drei sehr unterschiedlich schlimmen Geburten im Krankenhaus, machte ich mich w\u00e4hrend meiner vierten Schwangerschaft auf die Suche nach einem anderen Weg, mein Kind zu geb\u00e4ren. Nat\u00fcrlich hatte ich schon von Frauen geh\u00f6rt, die eine Hausgeburt erlebt haben und wie sch\u00f6n, dass sein soll. Aber das ich so jemand bin, der das auch kann, lag &hellip; <\/p>\n<p class=\"link-more\"><a href=\"https:\/\/www.ichmagmeinkind.de\/ru\/alleingeburt-teil-1\/\" class=\"more-link\">Continue reading<span class=\"screen-reader-text\"> &#8220;Alleingeburt?!&#8221;<\/span><\/a><\/p>\n","protected":false},"author":4,"featured_media":0,"comment_status":"open","ping_status":"open","sticky":false,"template":"","format":"standard","meta":{"jetpack_post_was_ever_published":false,"_jetpack_newsletter_access":"","_jetpack_dont_email_post_to_subs":false,"_jetpack_newsletter_tier_id":0,"_jetpack_memberships_contains_paywalled_content":false,"_jetpack_memberships_contains_paid_content":false,"footnotes":"","jetpack_publicize_message":"","jetpack_publicize_feature_enabled":true,"jetpack_social_post_already_shared":true,"jetpack_social_options":{"image_generator_settings":{"template":"highway","default_image_id":0,"enabled":false},"version":2}},"categories":[7],"tags":[],"class_list":["post-354","post","type-post","status-publish","format-standard","hentry","category-geburt-alleingeburt"],"translation":{"provider":"WPGlobus","version":"3.0.0","language":"ru","enabled_languages":["de","en","ru"],"languages":{"de":{"title":true,"content":true,"excerpt":false},"en":{"title":false,"content":false,"excerpt":false},"ru":{"title":false,"content":false,"excerpt":false}}},"jetpack_publicize_connections":[],"jetpack_featured_media_url":"","jetpack_sharing_enabled":true,"jetpack_shortlink":"https:\/\/wp.me\/p9XJOc-5I","jetpack-related-posts":[],"_links":{"self":[{"href":"https:\/\/www.ichmagmeinkind.de\/ru\/wp-json\/wp\/v2\/posts\/354","targetHints":{"allow":["GET"]}}],"collection":[{"href":"https:\/\/www.ichmagmeinkind.de\/ru\/wp-json\/wp\/v2\/posts"}],"about":[{"href":"https:\/\/www.ichmagmeinkind.de\/ru\/wp-json\/wp\/v2\/types\/post"}],"author":[{"embeddable":true,"href":"https:\/\/www.ichmagmeinkind.de\/ru\/wp-json\/wp\/v2\/users\/4"}],"replies":[{"embeddable":true,"href":"https:\/\/www.ichmagmeinkind.de\/ru\/wp-json\/wp\/v2\/comments?post=354"}],"version-history":[{"count":11,"href":"https:\/\/www.ichmagmeinkind.de\/ru\/wp-json\/wp\/v2\/posts\/354\/revisions"}],"predecessor-version":[{"id":1503,"href":"https:\/\/www.ichmagmeinkind.de\/ru\/wp-json\/wp\/v2\/posts\/354\/revisions\/1503"}],"wp:attachment":[{"href":"https:\/\/www.ichmagmeinkind.de\/ru\/wp-json\/wp\/v2\/media?parent=354"}],"wp:term":[{"taxonomy":"category","embeddable":true,"href":"https:\/\/www.ichmagmeinkind.de\/ru\/wp-json\/wp\/v2\/categories?post=354"},{"taxonomy":"post_tag","embeddable":true,"href":"https:\/\/www.ichmagmeinkind.de\/ru\/wp-json\/wp\/v2\/tags?post=354"}],"curies":[{"name":"wp","href":"https:\/\/api.w.org\/{rel}","templated":true}]}}